{"id":47,"date":"2013-11-30T11:48:55","date_gmt":"2013-11-30T10:48:55","guid":{"rendered":"http:\/\/open-access.infodocs.eu\/hbosc\/?p=47"},"modified":"2017-10-12T08:06:25","modified_gmt":"2017-10-12T07:06:25","slug":"un-hommage-a-stevan-harnad","status":"publish","type":"post","link":"http:\/\/open-access.infodocs.eu\/hbosc\/2013\/11\/30\/un-hommage-a-stevan-harnad\/","title":{"rendered":"Un hommage \u00e0 Stevan Harnad"},"content":{"rendered":"<p style=\"text-align: justify;\">L&#8217;universit\u00e9 de Li\u00e8ge a mis en ligne une\u00a0 vid\u00e9o (tr\u00e8s courte) pour rendre hommage \u00e0 Stevan Harnad : <a href=\"https:\/\/www.ulg.ac.be\/cms\/c_3443111\/en\/stevan-harnad-il-a-ouvert-la-voie\">https:\/\/www.ulg.ac.be\/cms\/c_3443111\/en\/stevan-harnad-il-a-ouvert-la-voie<\/a>\u00a0. On y explique\u00a0\u00a0comment ce chercheur en cognition a eu l&#8217;id\u00e9e\u00a0de la r\u00e9volution possible dans la communication scientifique gr\u00e2ce \u00e0 Internet (Usenet),\u00a0d\u00e8s les ann\u00e9es 80 et\u00a0comment il\u00a0a lanc\u00e9 en 1994 la &#8220;Proposition subversive&#8221;.\u00a0Il\u00a0s&#8217;agissait d&#8217;un appel \u00e0\u00a0mettre en\u00a0libre acc\u00e8s imm\u00e9diat\u00a0 toute litt\u00e9rature contr\u00f4l\u00e9e par les pairs, pour un meilleur acc\u00e8s aux connaissances.<\/p>\n<p style=\"text-align: justify;\">En pratique, maintenant, il s&#8217;agit d&#8217;utiliser la voie verte\u00a0que Stevan Harnad\u00a0a trac\u00e9e pendant 20 ans. Le recteur Bernard Rentier\u00a0qui a suivi\u00a0cette voie\u00a0et a propuls\u00e9 l&#8217;universit\u00e9 de Li\u00e8ge en t\u00eate de ce mouvement,\u00a0invite les universit\u00e9s \u00e0 prendre le m\u00eame chemin rapidement.<\/p>\n<p>H\u00e9l\u00e8ne Bosc<\/p>\n","protected":false},"excerpt":{"rendered":"<p>L&#8217;universit\u00e9 de Li\u00e8ge a mis en ligne une\u00a0 vid\u00e9o (tr\u00e8s courte) pour rendre hommage \u00e0 Stevan Harnad : https:\/\/www.ulg.ac.be\/cms\/c_3443111\/en\/stevan-harnad-il-a-ouvert-la-voie\u00a0. On y explique\u00a0\u00a0comment ce chercheur en cognition a eu l&#8217;id\u00e9e\u00a0de la r\u00e9volution possible dans la communication scientifique gr\u00e2ce \u00e0 Internet (Usenet),\u00a0d\u00e8s &hellip; <a href=\"http:\/\/open-access.infodocs.eu\/hbosc\/2013\/11\/30\/un-hommage-a-stevan-harnad\/\">Continuer la lecture <span class=\"meta-nav\">&rarr;<\/span><\/a><\/p>\n","protected":false},"author":2,"featured_media":0,"comment_status":"closed","ping_status":"open","sticky":false,"template":"","format":"standard","meta":[],"categories":[1],"tags":[],"_links":{"self":[{"href":"http:\/\/open-access.infodocs.eu\/hbosc\/wp-json\/wp\/v2\/posts\/47"}],"collection":[{"href":"http:\/\/open-access.infodocs.eu\/hbosc\/wp-json\/wp\/v2\/posts"}],"about":[{"href":"http:\/\/open-access.infodocs.eu\/hbosc\/wp-json\/wp\/v2\/types\/post"}],"author":[{"embeddable":true,"href":"http:\/\/open-access.infodocs.eu\/hbosc\/wp-json\/wp\/v2\/users\/2"}],"replies":[{"embeddable":true,"href":"http:\/\/open-access.infodocs.eu\/hbosc\/wp-json\/wp\/v2\/comments?post=47"}],"version-history":[{"count":8,"href":"http:\/\/open-access.infodocs.eu\/hbosc\/wp-json\/wp\/v2\/posts\/47\/revisions"}],"predecessor-version":[{"id":128,"href":"http:\/\/open-access.infodocs.eu\/hbosc\/wp-json\/wp\/v2\/posts\/47\/revisions\/128"}],"wp:attachment":[{"href":"http:\/\/open-access.infodocs.eu\/hbosc\/wp-json\/wp\/v2\/media?parent=47"}],"wp:term":[{"taxonomy":"category","embeddable":true,"href":"http:\/\/open-access.infodocs.eu\/hbosc\/wp-json\/wp\/v2\/categories?post=47"},{"taxonomy":"post_tag","embeddable":true,"href":"http:\/\/open-access.infodocs.eu\/hbosc\/wp-json\/wp\/v2\/tags?post=47"}],"curies":[{"name":"wp","href":"https:\/\/api.w.org\/{rel}","templated":true}]}}